{"id":661,"date":"2022-02-04T11:12:25","date_gmt":"2022-02-04T10:12:25","guid":{"rendered":"https:\/\/www.zskovarska.cz\/?p=661"},"modified":"2022-10-14T09:53:10","modified_gmt":"2022-10-14T07:53:10","slug":"nasi-uspesni-kuzelkari","status":"publish","type":"post","link":"https:\/\/www.zskovarska.cz\/?p=661","title":{"rendered":"Na\u0161i \u00fasp\u011b\u0161n\u00ed ku\u017eelk\u00e1\u0159i"},"content":{"rendered":"\n<p>V lednu se mlad\u00ed ku\u017eelk\u00e1\u0159i z na\u0161\u00ed \u0161koly z\u00fa\u010dastnili okresn\u00edho p\u0159eboru v Chomutov\u011b. V\u0161ichni podali p\u011bkn\u00e9 v\u00fdkony a postoupili do kraje. V krajsk\u00fdch p\u0159eborech konan\u00fdch v Duchcov\u011b si vedli velice dob\u0159e. Tereza J\u00ed\u0161kov\u00e1, v kategorii mlad\u0161\u00edch \u017e\u00e1ky\u0148, obsadila za sv\u016fj skv\u011bl\u00fd v\u00fdkon 1. m\u00edsto a stala se tak p\u0159ebornic\u00ed \u00dasteck\u00e9ho kraje. V\u00fdborn\u011b si vedly i sestry Gr\u00fcnfeldovy. Angelina obsadila 2. m\u00edsto a Jenifer 3. m\u00edsto. Ani Ton\u00edk Mika nezaostal a z\u00edskal skv\u011bl\u00e9 3. m\u00edsto. V\u0161ichni za kategorii star\u0161\u00edch \u017e\u00e1k\u016f a \u017e\u00e1ky\u0148. <\/p>\n\n\n\n<figure class=\"wp-block-gallery has-nested-images columns-default is-cropped wp-block-gallery-1 is-layout-flex wp-block-gallery-is-layout-flex\">\n<figure class=\"wp-block-image size-large\"><img loading=\"lazy\" decoding=\"async\" width=\"1024\" height=\"768\" data-id=\"662\" src=\"https:\/\/www.zskovarska.cz\/wp-content\/uploads\/2022\/02\/IMG-20220114-WA0001-1024x768.jpg\" alt=\"\" class=\"wp-image-662\" srcset=\"https:\/\/www.zskovarska.cz\/wp-content\/uploads\/2022\/02\/IMG-20220114-WA0001-980x735.jpg 980w, https:\/\/www.zskovarska.cz\/wp-content\/uploads\/2022\/02\/IMG-20220114-WA0001-480x360.jpg 480w\" sizes=\"(min-width: 0px) and (max-width: 480px) 480px, (min-width: 481px) and (max-width: 980px) 980px, (min-width: 981px) 1024px, 100vw\" \/><\/figure>\n\n\n\n<figure class=\"wp-block-image size-large\"><img loading=\"lazy\" decoding=\"async\" width=\"576\" height=\"1024\" data-id=\"663\" src=\"https:\/\/www.zskovarska.cz\/wp-content\/uploads\/2022\/02\/IMG-20220204-WA0000-576x1024.jpg\" alt=\"\" class=\"wp-image-663\"\/><\/figure>\n<\/figure>\n","protected":false},"excerpt":{"rendered":"<p>V lednu se mlad\u00ed ku\u017eelk\u00e1\u0159i z na\u0161\u00ed \u0161koly z\u00fa\u010dastnili okresn\u00edho p\u0159eboru v Chomutov\u011b. V\u0161ichni podali p\u011bkn\u00e9 v\u00fdkony a postoupili do kraje. V krajsk\u00fdch p\u0159eborech konan\u00fdch v Duchcov\u011b si vedli velice dob\u0159e. Tereza J\u00ed\u0161kov\u00e1, v kategorii mlad\u0161\u00edch \u017e\u00e1ky\u0148, obsadila za sv\u016fj skv\u011bl\u00fd v\u00fdkon 1. m\u00edsto a stala se tak p\u0159ebornic\u00ed \u00dasteck\u00e9ho kraje. V\u00fdborn\u011b si vedly i [&hellip;]<\/p>\n","protected":false},"author":6,"featured_media":0,"comment_status":"closed","ping_status":"open","sticky":false,"template":"","format":"standard","meta":{"_et_pb_use_builder":"off","_et_pb_old_content":"","_et_gb_content_width":"","footnotes":""},"categories":[18],"tags":[],"class_list":["post-661","post","type-post","status-publish","format-standard","hentry","category-archiv-2021-2022"],"yoast_head":"<!-- This site is optimized with the Yoast SEO plugin v27.5 - https:\/\/yoast.com\/product\/yoast-seo-wordpress\/ -->\n<title>Na\u0161i \u00fasp\u011b\u0161n\u00ed ku\u017eelk\u00e1\u0159i - Z\u0160 a M\u0160 Kov\u00e1\u0159sk\u00e1<\/title>\n<meta name=\"robots\" content=\"index, follow, max-snippet:-1, max-image-preview:large, max-video-preview:-1\" \/>\n<link rel=\"canonical\" href=\"https:\/\/www.zskovarska.cz\/?p=661\" \/>\n<meta property=\"og:locale\" content=\"cs_CZ\" \/>\n<meta property=\"og:type\" content=\"article\" \/>\n<meta property=\"og:title\" content=\"Na\u0161i \u00fasp\u011b\u0161n\u00ed ku\u017eelk\u00e1\u0159i - Z\u0160 a M\u0160 Kov\u00e1\u0159sk\u00e1\" \/>\n<meta property=\"og:description\" content=\"V lednu se mlad\u00ed ku\u017eelk\u00e1\u0159i z na\u0161\u00ed \u0161koly z\u00fa\u010dastnili okresn\u00edho p\u0159eboru v Chomutov\u011b. V\u0161ichni podali p\u011bkn\u00e9 v\u00fdkony a postoupili do kraje. V krajsk\u00fdch p\u0159eborech konan\u00fdch v Duchcov\u011b si vedli velice dob\u0159e. Tereza J\u00ed\u0161kov\u00e1, v kategorii mlad\u0161\u00edch \u017e\u00e1ky\u0148, obsadila za sv\u016fj skv\u011bl\u00fd v\u00fdkon 1. m\u00edsto a stala se tak p\u0159ebornic\u00ed \u00dasteck\u00e9ho kraje. V\u00fdborn\u011b si vedly i [&hellip;]\" \/>\n<meta property=\"og:url\" content=\"https:\/\/www.zskovarska.cz\/?p=661\" \/>\n<meta property=\"og:site_name\" content=\"Z\u0160 a M\u0160 Kov\u00e1\u0159sk\u00e1\" \/>\n<meta property=\"article:published_time\" content=\"2022-02-04T10:12:25+00:00\" \/>\n<meta property=\"article:modified_time\" content=\"2022-10-14T07:53:10+00:00\" \/>\n<meta property=\"og:image\" content=\"https:\/\/www.zskovarska.cz\/wp-content\/uploads\/2022\/02\/IMG-20220114-WA0001-1024x768.jpg\" \/>\n<meta name=\"author\" content=\"Ad\u00e9la Steidlov\u00e1\" \/>\n<meta name=\"twitter:card\" content=\"summary_large_image\" \/>\n<meta name=\"twitter:label1\" content=\"Napsal(a)\" \/>\n\t<meta name=\"twitter:data1\" content=\"Ad\u00e9la Steidlov\u00e1\" \/>\n\t<meta name=\"twitter:label2\" content=\"Odhadovan\u00e1 doba \u010dten\u00ed\" \/>\n\t<meta name=\"twitter:data2\" content=\"1 minuta\" \/>\n<script type=\"application\/ld+json\" class=\"yoast-schema-graph\">{\"@context\":\"https:\\\/\\\/schema.org\",\"@graph\":[{\"@type\":\"Article\",\"@id\":\"https:\\\/\\\/www.zskovarska.cz\\\/?p=661#article\",\"isPartOf\":{\"@id\":\"https:\\\/\\\/www.zskovarska.cz\\\/?p=661\"},\"author\":{\"name\":\"Ad\u00e9la Steidlov\u00e1\",\"@id\":\"https:\\\/\\\/www.zskovarska.cz\\\/#\\\/schema\\\/person\\\/91f2a642c25deee5608112f251db746d\"},\"headline\":\"Na\u0161i \u00fasp\u011b\u0161n\u00ed ku\u017eelk\u00e1\u0159i\",\"datePublished\":\"2022-02-04T10:12:25+00:00\",\"dateModified\":\"2022-10-14T07:53:10+00:00\",\"mainEntityOfPage\":{\"@id\":\"https:\\\/\\\/www.zskovarska.cz\\\/?p=661\"},\"wordCount\":114,\"image\":{\"@id\":\"https:\\\/\\\/www.zskovarska.cz\\\/?p=661#primaryimage\"},\"thumbnailUrl\":\"https:\\\/\\\/www.zskovarska.cz\\\/wp-content\\\/uploads\\\/2022\\\/02\\\/IMG-20220114-WA0001-1024x768.jpg\",\"articleSection\":[\"Archiv 2021\\\/2022\"],\"inLanguage\":\"cs\"},{\"@type\":\"WebPage\",\"@id\":\"https:\\\/\\\/www.zskovarska.cz\\\/?p=661\",\"url\":\"https:\\\/\\\/www.zskovarska.cz\\\/?p=661\",\"name\":\"Na\u0161i \u00fasp\u011b\u0161n\u00ed ku\u017eelk\u00e1\u0159i - Z\u0160 a M\u0160 Kov\u00e1\u0159sk\u00e1\",\"isPartOf\":{\"@id\":\"https:\\\/\\\/www.zskovarska.cz\\\/#website\"},\"primaryImageOfPage\":{\"@id\":\"https:\\\/\\\/www.zskovarska.cz\\\/?p=661#primaryimage\"},\"image\":{\"@id\":\"https:\\\/\\\/www.zskovarska.cz\\\/?p=661#primaryimage\"},\"thumbnailUrl\":\"https:\\\/\\\/www.zskovarska.cz\\\/wp-content\\\/uploads\\\/2022\\\/02\\\/IMG-20220114-WA0001-1024x768.jpg\",\"datePublished\":\"2022-02-04T10:12:25+00:00\",\"dateModified\":\"2022-10-14T07:53:10+00:00\",\"author\":{\"@id\":\"https:\\\/\\\/www.zskovarska.cz\\\/#\\\/schema\\\/person\\\/91f2a642c25deee5608112f251db746d\"},\"breadcrumb\":{\"@id\":\"https:\\\/\\\/www.zskovarska.cz\\\/?p=661#breadcrumb\"},\"inLanguage\":\"cs\",\"potentialAction\":[{\"@type\":\"ReadAction\",\"target\":[\"https:\\\/\\\/www.zskovarska.cz\\\/?p=661\"]}]},{\"@type\":\"ImageObject\",\"inLanguage\":\"cs\",\"@id\":\"https:\\\/\\\/www.zskovarska.cz\\\/?p=661#primaryimage\",\"url\":\"https:\\\/\\\/www.zskovarska.cz\\\/wp-content\\\/uploads\\\/2022\\\/02\\\/IMG-20220114-WA0001.jpg\",\"contentUrl\":\"https:\\\/\\\/www.zskovarska.cz\\\/wp-content\\\/uploads\\\/2022\\\/02\\\/IMG-20220114-WA0001.jpg\",\"width\":1600,\"height\":1200},{\"@type\":\"BreadcrumbList\",\"@id\":\"https:\\\/\\\/www.zskovarska.cz\\\/?p=661#breadcrumb\",\"itemListElement\":[{\"@type\":\"ListItem\",\"position\":1,\"name\":\"Dom\u016f\",\"item\":\"https:\\\/\\\/www.zskovarska.cz\\\/\"},{\"@type\":\"ListItem\",\"position\":2,\"name\":\"Na\u0161i \u00fasp\u011b\u0161n\u00ed ku\u017eelk\u00e1\u0159i\"}]},{\"@type\":\"WebSite\",\"@id\":\"https:\\\/\\\/www.zskovarska.cz\\\/#website\",\"url\":\"https:\\\/\\\/www.zskovarska.cz\\\/\",\"name\":\"Z\u0160 a M\u0160 Kov\u00e1\u0159sk\u00e1\",\"description\":\"\",\"potentialAction\":[{\"@type\":\"SearchAction\",\"target\":{\"@type\":\"EntryPoint\",\"urlTemplate\":\"https:\\\/\\\/www.zskovarska.cz\\\/?s={search_term_string}\"},\"query-input\":{\"@type\":\"PropertyValueSpecification\",\"valueRequired\":true,\"valueName\":\"search_term_string\"}}],\"inLanguage\":\"cs\"},{\"@type\":\"Person\",\"@id\":\"https:\\\/\\\/www.zskovarska.cz\\\/#\\\/schema\\\/person\\\/91f2a642c25deee5608112f251db746d\",\"name\":\"Ad\u00e9la Steidlov\u00e1\",\"image\":{\"@type\":\"ImageObject\",\"inLanguage\":\"cs\",\"@id\":\"https:\\\/\\\/secure.gravatar.com\\\/avatar\\\/841e84a1805b5954986497adbcf74c89eea99ce409c7d078a105915d8f600b4f?s=96&d=mm&r=g\",\"url\":\"https:\\\/\\\/secure.gravatar.com\\\/avatar\\\/841e84a1805b5954986497adbcf74c89eea99ce409c7d078a105915d8f600b4f?s=96&d=mm&r=g\",\"contentUrl\":\"https:\\\/\\\/secure.gravatar.com\\\/avatar\\\/841e84a1805b5954986497adbcf74c89eea99ce409c7d078a105915d8f600b4f?s=96&d=mm&r=g\",\"caption\":\"Ad\u00e9la Steidlov\u00e1\"},\"url\":\"https:\\\/\\\/www.zskovarska.cz\\\/?author=6\"}]}<\/script>\n<!-- \/ Yoast SEO plugin. -->","yoast_head_json":{"title":"Na\u0161i \u00fasp\u011b\u0161n\u00ed ku\u017eelk\u00e1\u0159i - Z\u0160 a M\u0160 Kov\u00e1\u0159sk\u00e1","robots":{"index":"index","follow":"follow","max-snippet":"max-snippet:-1","max-image-preview":"max-image-preview:large","max-video-preview":"max-video-preview:-1"},"canonical":"https:\/\/www.zskovarska.cz\/?p=661","og_locale":"cs_CZ","og_type":"article","og_title":"Na\u0161i \u00fasp\u011b\u0161n\u00ed ku\u017eelk\u00e1\u0159i - Z\u0160 a M\u0160 Kov\u00e1\u0159sk\u00e1","og_description":"V lednu se mlad\u00ed ku\u017eelk\u00e1\u0159i z na\u0161\u00ed \u0161koly z\u00fa\u010dastnili okresn\u00edho p\u0159eboru v Chomutov\u011b. V\u0161ichni podali p\u011bkn\u00e9 v\u00fdkony a postoupili do kraje. V krajsk\u00fdch p\u0159eborech konan\u00fdch v Duchcov\u011b si vedli velice dob\u0159e. Tereza J\u00ed\u0161kov\u00e1, v kategorii mlad\u0161\u00edch \u017e\u00e1ky\u0148, obsadila za sv\u016fj skv\u011bl\u00fd v\u00fdkon 1. m\u00edsto a stala se tak p\u0159ebornic\u00ed \u00dasteck\u00e9ho kraje. V\u00fdborn\u011b si vedly i [&hellip;]","og_url":"https:\/\/www.zskovarska.cz\/?p=661","og_site_name":"Z\u0160 a M\u0160 Kov\u00e1\u0159sk\u00e1","article_published_time":"2022-02-04T10:12:25+00:00","article_modified_time":"2022-10-14T07:53:10+00:00","og_image":[{"url":"https:\/\/www.zskovarska.cz\/wp-content\/uploads\/2022\/02\/IMG-20220114-WA0001-1024x768.jpg","type":"","width":"","height":""}],"author":"Ad\u00e9la Steidlov\u00e1","twitter_card":"summary_large_image","twitter_misc":{"Napsal(a)":"Ad\u00e9la Steidlov\u00e1","Odhadovan\u00e1 doba \u010dten\u00ed":"1 minuta"},"schema":{"@context":"https:\/\/schema.org","@graph":[{"@type":"Article","@id":"https:\/\/www.zskovarska.cz\/?p=661#article","isPartOf":{"@id":"https:\/\/www.zskovarska.cz\/?p=661"},"author":{"name":"Ad\u00e9la Steidlov\u00e1","@id":"https:\/\/www.zskovarska.cz\/#\/schema\/person\/91f2a642c25deee5608112f251db746d"},"headline":"Na\u0161i \u00fasp\u011b\u0161n\u00ed ku\u017eelk\u00e1\u0159i","datePublished":"2022-02-04T10:12:25+00:00","dateModified":"2022-10-14T07:53:10+00:00","mainEntityOfPage":{"@id":"https:\/\/www.zskovarska.cz\/?p=661"},"wordCount":114,"image":{"@id":"https:\/\/www.zskovarska.cz\/?p=661#primaryimage"},"thumbnailUrl":"https:\/\/www.zskovarska.cz\/wp-content\/uploads\/2022\/02\/IMG-20220114-WA0001-1024x768.jpg","articleSection":["Archiv 2021\/2022"],"inLanguage":"cs"},{"@type":"WebPage","@id":"https:\/\/www.zskovarska.cz\/?p=661","url":"https:\/\/www.zskovarska.cz\/?p=661","name":"Na\u0161i \u00fasp\u011b\u0161n\u00ed ku\u017eelk\u00e1\u0159i - Z\u0160 a M\u0160 Kov\u00e1\u0159sk\u00e1","isPartOf":{"@id":"https:\/\/www.zskovarska.cz\/#website"},"primaryImageOfPage":{"@id":"https:\/\/www.zskovarska.cz\/?p=661#primaryimage"},"image":{"@id":"https:\/\/www.zskovarska.cz\/?p=661#primaryimage"},"thumbnailUrl":"https:\/\/www.zskovarska.cz\/wp-content\/uploads\/2022\/02\/IMG-20220114-WA0001-1024x768.jpg","datePublished":"2022-02-04T10:12:25+00:00","dateModified":"2022-10-14T07:53:10+00:00","author":{"@id":"https:\/\/www.zskovarska.cz\/#\/schema\/person\/91f2a642c25deee5608112f251db746d"},"breadcrumb":{"@id":"https:\/\/www.zskovarska.cz\/?p=661#breadcrumb"},"inLanguage":"cs","potentialAction":[{"@type":"ReadAction","target":["https:\/\/www.zskovarska.cz\/?p=661"]}]},{"@type":"ImageObject","inLanguage":"cs","@id":"https:\/\/www.zskovarska.cz\/?p=661#primaryimage","url":"https:\/\/www.zskovarska.cz\/wp-content\/uploads\/2022\/02\/IMG-20220114-WA0001.jpg","contentUrl":"https:\/\/www.zskovarska.cz\/wp-content\/uploads\/2022\/02\/IMG-20220114-WA0001.jpg","width":1600,"height":1200},{"@type":"BreadcrumbList","@id":"https:\/\/www.zskovarska.cz\/?p=661#breadcrumb","itemListElement":[{"@type":"ListItem","position":1,"name":"Dom\u016f","item":"https:\/\/www.zskovarska.cz\/"},{"@type":"ListItem","position":2,"name":"Na\u0161i \u00fasp\u011b\u0161n\u00ed ku\u017eelk\u00e1\u0159i"}]},{"@type":"WebSite","@id":"https:\/\/www.zskovarska.cz\/#website","url":"https:\/\/www.zskovarska.cz\/","name":"Z\u0160 a M\u0160 Kov\u00e1\u0159sk\u00e1","description":"","potentialAction":[{"@type":"SearchAction","target":{"@type":"EntryPoint","urlTemplate":"https:\/\/www.zskovarska.cz\/?s={search_term_string}"},"query-input":{"@type":"PropertyValueSpecification","valueRequired":true,"valueName":"search_term_string"}}],"inLanguage":"cs"},{"@type":"Person","@id":"https:\/\/www.zskovarska.cz\/#\/schema\/person\/91f2a642c25deee5608112f251db746d","name":"Ad\u00e9la Steidlov\u00e1","image":{"@type":"ImageObject","inLanguage":"cs","@id":"https:\/\/secure.gravatar.com\/avatar\/841e84a1805b5954986497adbcf74c89eea99ce409c7d078a105915d8f600b4f?s=96&d=mm&r=g","url":"https:\/\/secure.gravatar.com\/avatar\/841e84a1805b5954986497adbcf74c89eea99ce409c7d078a105915d8f600b4f?s=96&d=mm&r=g","contentUrl":"https:\/\/secure.gravatar.com\/avatar\/841e84a1805b5954986497adbcf74c89eea99ce409c7d078a105915d8f600b4f?s=96&d=mm&r=g","caption":"Ad\u00e9la Steidlov\u00e1"},"url":"https:\/\/www.zskovarska.cz\/?author=6"}]}},"_links":{"self":[{"href":"https:\/\/www.zskovarska.cz\/index.php?rest_route=\/wp\/v2\/posts\/661","targetHints":{"allow":["GET"]}}],"collection":[{"href":"https:\/\/www.zskovarska.cz\/index.php?rest_route=\/wp\/v2\/posts"}],"about":[{"href":"https:\/\/www.zskovarska.cz\/index.php?rest_route=\/wp\/v2\/types\/post"}],"author":[{"embeddable":true,"href":"https:\/\/www.zskovarska.cz\/index.php?rest_route=\/wp\/v2\/users\/6"}],"replies":[{"embeddable":true,"href":"https:\/\/www.zskovarska.cz\/index.php?rest_route=%2Fwp%2Fv2%2Fcomments&post=661"}],"version-history":[{"count":1,"href":"https:\/\/www.zskovarska.cz\/index.php?rest_route=\/wp\/v2\/posts\/661\/revisions"}],"predecessor-version":[{"id":664,"href":"https:\/\/www.zskovarska.cz\/index.php?rest_route=\/wp\/v2\/posts\/661\/revisions\/664"}],"wp:attachment":[{"href":"https:\/\/www.zskovarska.cz\/index.php?rest_route=%2Fwp%2Fv2%2Fmedia&parent=661"}],"wp:term":[{"taxonomy":"category","embeddable":true,"href":"https:\/\/www.zskovarska.cz\/index.php?rest_route=%2Fwp%2Fv2%2Fcategories&post=661"},{"taxonomy":"post_tag","embeddable":true,"href":"https:\/\/www.zskovarska.cz\/index.php?rest_route=%2Fwp%2Fv2%2Ftags&post=661"}],"curies":[{"name":"wp","href":"https:\/\/api.w.org\/{rel}","templated":true}]}}